{"id":168,"date":"2015-06-20T11:44:58","date_gmt":"2015-06-20T09:44:58","guid":{"rendered":"http:\/\/noexpopride.noblogs.org\/?p=168"},"modified":"2015-06-20T11:53:42","modified_gmt":"2015-06-20T09:53:42","slug":"migrants-are-welcome","status":"publish","type":"post","link":"https:\/\/noexpopride.noblogs.org\/?p=168","title":{"rendered":"Migrants are welcome"},"content":{"rendered":"<p><a href=\"https:\/\/noexpopride.noblogs.org\/files\/2015\/06\/migrantsarewelcome.jpg\"><img loading=\"lazy\" decoding=\"async\" class=\"alignnone size-full wp-image-173\" src=\"https:\/\/noexpopride.noblogs.org\/files\/2015\/06\/migrantsarewelcome.jpg\" alt=\"migrantsarewelcome\" width=\"1000\" height=\"747\" srcset=\"https:\/\/noexpopride.noblogs.org\/files\/2015\/06\/migrantsarewelcome.jpg 1000w, https:\/\/noexpopride.noblogs.org\/files\/2015\/06\/migrantsarewelcome-300x224.jpg 300w, https:\/\/noexpopride.noblogs.org\/files\/2015\/06\/migrantsarewelcome-402x300.jpg 402w\" sizes=\"auto, (max-width: 1000px) 100vw, 1000px\" \/><\/a><\/p>\n<p><strong>MIGRANTS ARE WELCOME<\/strong><\/p>\n<p>It&#8217;s not by chance that we have chosen this square to start the No Expo Pride parade.<br \/>\nThis square, so close to this station, is a symbol of departures, arrivals and journeys and for that it belongs to everyone.<br \/>\nOur journey has the purpose to create an inclusive and supportive network, in which everyone has the opportunity to cooperate.<br \/>\nIn the last weeks, this place has been sadly exploited by media and involved in a cynical and racist blame game which gambles with migrants&#8217; lives. Ignorance, annoyance and electoral campaigns have wiped out and overwhelmed solidarity and welcoming, leaving the heavy burden of the assistance on the shoulders of few volunteers.<br \/>\nIt is emblematic that all this happens in the city which is hosting Expo, in the city that should be focused on food accessibility.<br \/>\nCorporations producing genetically modified and junk food, grabbing lands and promoting human exploitation, are here protagonists, the very grounds of Expo, while migrants are who this city has to hide and refuse.<br \/>\nToday and everyday, we choose the side we are on, proving it through our actions, through the variety and diversity of our bodies and thoughts, showing the imperfection of our lives and biographies.<br \/>\nWe have chosen this square, once more, to affirm our rage and disgust for those who continuously deny fundamental human rights. We stay alongside the migrants asking for the acknowledgement of the rights of existence, dignity and citizenship.<br \/>\nWe reclaim cities in which the authors of this marginalization and discrimination are repelled and rejected.<br \/>\nWe reclaim a city open to everyone, open for people who need aid and for those who express creative differences; we reclaim a city open for people who run away from wars looking for a better life.<br \/>\nFascists, racists, are those we exclude!<br \/>\nWe are responsible for those wars: those wars come as a consequence of our wealth, of our richness. Those wars are our fault.<br \/>\nIn this square and during our Pride, in every place we go and make alive, we will collect money and goods to support the migrants. We ask for your help to make another world possible.<br \/>\nNobody&#8217;s a foreigner. Stay human.<\/p>\n<p><strong>LES MIGRANT(E)S SONT LES BIENVENU(E)S<\/strong><\/p>\n<p>Nous n\u2019avons pas choisi par hasard cette place pour commencer le d\u00e9fil\u00e9 de Noexpo pride. Cette place est le symbole de d\u00e9part, retours et de parcours et en tant que telle, elle nous appartient.<br \/>\nNotre parcours a vu la construction d\u2019un r\u00e9seau solidaire . dans lequel chacun a le droit de praticabilit\u00e9.<br \/>\nAu cours des derni\u00e8res semaines cet endroit a malheureusement \u00e9t\u00e9 t\u00e9moin du pillage m\u00e9diatique et du jeu de reproches racistes et cyniques sur la peau des migrants. Les tracas, l&#8217;ignorance et la campagne \u00e9lectorale ont \u00e9cras\u00e9 la solidarit\u00e9 et l&#8217;hospitalit\u00e9, en laissant sur les \u00e9paules de quelques- uns un effort volontariste surhumain.<br \/>\nIl est symbolique que dans la ville de l&#8217;Expo, le lieu qui devrait rendre l&#8217;acc\u00e8s \u00e0 la nourriture le th\u00e8me portant se produise tout cela . Les multinationales du soja transg\u00e9nique et de la malbouffe, l&#8217;exploitation des terres et des personnes sont l&#8217;\u00e9pine dorsale de l\u2019 expo et les migrants sont seulement une nuisance \u00e0 cacher et \u00e0 rejeter.<br \/>\nNous choisissons aujourd&#8217;hui comme toujours de quel c\u00f4t\u00e9 \u00eatre. Nous l\u2019affirmons avec nos pratiques, avec la diversit\u00e9 de nos corps et de nos pens\u00e9es et avec nos biographies imparfaites.<br \/>\nNous choisissons donc cette place \u00e9galement pour r\u00e9affirmer la col\u00e8re et le d\u00e9go\u00fbt pour ceux qui insistent \u00e0 nier les droits fondamentaux de l&#8217;\u00eatre humain. Nous soutenons les migrantes et les migrants pour la reconnaissance du droit \u00e0 l\u2019existence, \u00e0 la dignit\u00e9 et \u00e0 la citoyennet\u00e9.<br \/>\nNous demandons fermement des villes dans lesquelles seraient repouss\u00e9s qui exclut et discrimine. Une ville qui soit ouverte \u00e0 ceux qui ont besoin et \u00e0 ceux qui expriment la diversit\u00e9 cr\u00e9ative. Une ville o\u00f9 sont rejet\u00e9s les fascistes et racistes et o\u00f9 il serait re\u00e7u ceux qui fuient des vies impossibles et des situations de guerre.<br \/>\nCes guerres, nous les avons cr\u00e9\u00e9s : elles sont la cons\u00e9quence de notre commodit\u00e9 , de nos multinationales, de la poursuite de la richesse. Ces guerres sont de notre faute.<br \/>\nDans cette place et l&#8217;int\u00e9rieur de notre Expo pride, dans les espaces que nous fr\u00e9quentons, et rendons vivant nous recueillons de l&#8217;argent et du mat\u00e9riel en support des migrants: nous vous demandons de nous aider et de le faire ensemble afin qu&#8217;un autre monde soit possible.<br \/>\nPersonne n\u2019est \u00e9tranger. Restons humains.<\/p>\n<p><strong>L@S MIGRANTES SON L@S BIENVENID@S<\/strong><\/p>\n<p>No es una casualidad si hemos elegido esta plaza para iniciar el desfile de Noexpo Pride. Esta plaza es un s\u00edmbolo de partidas, regresos y rutas, y como tal nos pertenece.<br \/>\nNuestro recorrido vio la construcci\u00f3n de una red inclusiva y solidaria, en la que cada uno tiene el derecho a participar.<br \/>\nEn las \u00faltimas semanas, este lugar asisti\u00f3 a un despojo medi\u00e1tico muy triste, y muchos han cargado con el muerto de manera c\u00ednica y racista. La ignorancia, el no querer molestias y las campa\u00f1as electorales aplastaron la solidaridad y la acogida, dejando a un@s poc@s voluntari@s un esfuerzo sobrehumano.<br \/>\nEs simb\u00f3lico que todo eso pase en la misma ciudad del Expo, la que tendr\u00eda que facilitar para tod@s el acceso a los alimentos. Las multinacionales de la soja transg\u00e9nica y de la comida basura, la explotaci\u00f3n de las personas y de las tierras son los verdaderos pilares de Expo, y l@s migrantes son s\u00f3lo una molestia que hay que esconder y rechazar<br \/>\nNosotr@s elegimos cada d\u00eda en que lado estar. Lo afirmamos con nuestras pr\u00e1cticas, con la diversidad de nuestros cuerpos y pensamientos, con nuestras biograf\u00edas imperfectas.<br \/>\nElegimos esta plaza tambi\u00e9n para remachar la rabia y el asco para quien sigue negando los derechos fundamentales de los seres humanos. Somos al lado de l@s migrantes para reconocer su derecho a existir, a la dignidad y a la ciudadan\u00eda.<br \/>\nReclamamos una ciudad en la que sea rechazado quien excluye y discrimina; una ciudad que sea abierta a quien lo necesite y a quien exprese su diversidad creativa. Una ciudad donde sean rechazados fascistas y racistas y acogid@os l@s que huyen de una vida imposible y de las guerras.<br \/>\nHemos creado aquellas guerras: son una responsabilidad de nuestra comodidad, de nuestras multinacionales, de nuestra obsesi\u00f3n de riqueza. Esas guerras son una culpa nuestra.<br \/>\nDentro de esta plaza y dentro de nuestro pride, en los espacios que utilizamos y rendimos vivos, recogemos dinero y materiales para l@s migrantes: os pedimos de hacerlo con nosotr@s porqu\u00e9 otro mundo sea posible.<br \/>\nNadie es extranjer@. Sigamos siendo human@s<\/p>\n<p><strong>I E LE MIGRANTI SONO I E LE BENVENUT*<\/strong><\/p>\n<p>Abbiamo scelto questa piazza per iniziare la sfilata di Noexpo Pride non a caso. Questa piazza \u00e8 simbolo di partenze, ritorni e di percorsi e in quanto tale ci appartiene.<br \/>\nIl nostro percorso ha visto la costruzione di una rete inclusiva e solidale, nella quale ciascuno ha diritto di agibilit\u00e0.<br \/>\nNelle ultime settimane questo luogo ha tristemente assistito allo sciacallaggio mediatico e allo scaricabarile razzista e cinico sulla pelle dei migranti. Il fastidio, l&#8217;ignoranza e la campagna elettorale hanno schiacciato la solidariet\u00e0 e l&#8217;accoglienza, lasciando sulle spalle di pochi uno sforzo di volontariato sovrumano.<br \/>\n\u00c8 simbolico che nella citt\u00e0 dell&#8217;Expo, nel luogo che dovrebbe fare dell&#8217;accesso al cibo il proprio tema portante, accada tutto questo. Le multinazionali della soia transgenica e del cibo spazzatura, lo sfruttamento dei terreni e delle persone sono la colonna portante di expo e i migranti sono solo un fastidio da nascondere e respingere.<br \/>\nNoi scegliamo oggi come tutti i giorni da che parte stare. Lo affermiamo con le nostre pratiche, con la diversit\u00e0 dei nostri corpi e dei nostri pensieri, con le nostre biografie imperfette.<br \/>\nScegliamo quindi questa piazza anche per ribadire la rabbia e il disgusto per chi si ostina a negare i diritti fondamentali dell&#8217;essere umano. Siamo al fianco dei migranti per il riconoscimento del diritto all&#8217;esistenza, alla dignit\u00e0, alla cittadinanza.<br \/>\nReclamiamo con forza delle citt\u00e0 nelle quali venga respinto chi esclude e discrimina. Una citt\u00e0 che sia aperta a chi ha bisogno e a chi esprime diversit\u00e0 creative. Una citt\u00e0 dove siano cacciati fascisti e razzisti e dove sia accolto chi scappa da vite impossibili e situazioni di guerra.<br \/>\nQuelle guerre le abbiamo create noi: sono responsabilit\u00e0 del nostro agio, delle nostre multinazionali, della corsa alla ricchezza. Quelle guerre sono colpa nostra.<br \/>\nDentro questa piazza e dentro al nostro pride, negli spazi che frequentiamo e rendiamo vivi raccogliamo soldi e materiali in supporto ai migranti: vi chiediamo di aiutarci e di farlo insieme perch\u00e9 un altro mondo sia possibile.<br \/>\nNessuno \u00e8 straniero. Restiamo umani.<\/p>\n","protected":false},"excerpt":{"rendered":"<p>MIGRANTS ARE WELCOME It&#8217;s not by chance that we have chosen this square to start the No Expo Pride parade. This square, so close to this station, is a symbol of departures, arrivals and journeys and for that it belongs &hellip; <a href=\"https:\/\/noexpopride.noblogs.org\/?p=168\">Continua a leggere<span class=\"meta-nav\">&rarr;<\/span><\/a><\/p>\n","protected":false},"author":9308,"featured_media":0,"comment_status":"open","ping_status":"closed","sticky":false,"template":"","format":"standard","meta":{"footnotes":""},"categories":[1],"tags":[],"class_list":["post-168","post","type-post","status-publish","format-standard","hentry","category-general"],"_links":{"self":[{"href":"https:\/\/noexpopride.noblogs.org\/index.php?rest_route=\/wp\/v2\/posts\/168","targetHints":{"allow":["GET"]}}],"collection":[{"href":"https:\/\/noexpopride.noblogs.org\/index.php?rest_route=\/wp\/v2\/posts"}],"about":[{"href":"https:\/\/noexpopride.noblogs.org\/index.php?rest_route=\/wp\/v2\/types\/post"}],"author":[{"embeddable":true,"href":"https:\/\/noexpopride.noblogs.org\/index.php?rest_route=\/wp\/v2\/users\/9308"}],"replies":[{"embeddable":true,"href":"https:\/\/noexpopride.noblogs.org\/index.php?rest_route=%2Fwp%2Fv2%2Fcomments&post=168"}],"version-history":[{"count":5,"href":"https:\/\/noexpopride.noblogs.org\/index.php?rest_route=\/wp\/v2\/posts\/168\/revisions"}],"predecessor-version":[{"id":174,"href":"https:\/\/noexpopride.noblogs.org\/index.php?rest_route=\/wp\/v2\/posts\/168\/revisions\/174"}],"wp:attachment":[{"href":"https:\/\/noexpopride.noblogs.org\/index.php?rest_route=%2Fwp%2Fv2%2Fmedia&parent=168"}],"wp:term":[{"taxonomy":"category","embeddable":true,"href":"https:\/\/noexpopride.noblogs.org\/index.php?rest_route=%2Fwp%2Fv2%2Fcategories&post=168"},{"taxonomy":"post_tag","embeddable":true,"href":"https:\/\/noexpopride.noblogs.org\/index.php?rest_route=%2Fwp%2Fv2%2Ftags&post=168"}],"curies":[{"name":"wp","href":"https:\/\/api.w.org\/{rel}","templated":true}]}}