{"id":165,"date":"2015-06-17T14:47:51","date_gmt":"2015-06-17T12:47:51","guid":{"rendered":"http:\/\/noexpopride.noblogs.org\/?p=165"},"modified":"2015-06-17T14:47:51","modified_gmt":"2015-06-17T12:47:51","slug":"siamo-tutt-rottinculo","status":"publish","type":"post","link":"https:\/\/noexpopride.noblogs.org\/?p=165","title":{"rendered":"Siamo tutt* rottinculo!"},"content":{"rendered":"<p><strong>Solidariet\u00e0 al compagno della Rete della Conoscenza aggredito dai fascisti.<\/strong><\/p>\n<p>Esprimiamo la massima solidariet\u00e0 al compagno della Rete della Conoscenza aggredito la sera del 15 giugno davanti all\u2019Universit\u00e0 Statale di Milano da tre energumeni fascisti. Fortunatamente il compagno sta bene e ha immediatamente denunciato l\u2019accaduto affinch\u00e9 non passasse inosservato.<br \/>\nL\u2019aggressione fisica \u00e8 stata accompagnata da insulti e minacce: \u201cComunista rottoinculo, ti piace fare il frocio alternativo, ti diverti a scrivere cazzate sulla gente perbene che manifesta per la libert\u00e0 di espressione, mica tutti sono pervertiti come te, ora vediamo se ti piace tanto l\u2019antifascismo da tastiera\u201d.<br \/>\nAtti di questo tipo sono il frutto del clima di violenza e omotransfobia che i gruppi di estrema destra come le Sentinelle in Piedi costruiscono e propagandano attraverso presidi e cortei. Tutte iniziative autorizzate dal prefetto e scortate dalle forze di polizia.<br \/>\nComplice di questi atti \u00e8 il clero, che quotidianamente lancia sentenze contro la popolazione lgbt e contro le donne. Complice \u00e8 anche quella politica reazionaria, fascista e medievale che &#8211; come spesso nei periodi di forte crisi &#8211; aizza la disperazione della popolazione contro le minoranze e il diverso di turno, impedendo un progresso giusto e necessario in ambito di diritti e tutele per i soggetti lgbit*q a scuola, nei luoghi di lavoro e nella vita di tutti i giorni.<\/p>\n<p>Poteva finire in maniera diversa, ma fortunatamente l\u2019avvicinarsi di alcuni passanti hanno fatto scappare i tre squadristi.<br \/>\nLa vicinanza che vogliamo esprimere \u00e8 per tutte e tutti quelle persone gay, lesbiche, bisex, trans* e migranti che quotidianamente subiscono episodi del genere (se non peggio). Spesso molte persone non possono difendersi, n\u00e8 denunciare gli accaduti per problemi di permesso di soggiorno, situazioni famigliari compromettenti o per evitare di perdere il posto di lavoro.<br \/>\nLa Milano che vogliamo non legittima la presenza di fascisti, Sentinelle in Piedi, Lega Nord e altra feccia, cos\u00ec come le Universit\u00e0 che esigiamo devono essere luoghi sicuri, e non palchi per conferenze omofobe e sessiste, come quella ospitata Venerd\u00ec 12 giugno in Bicocca con Costanza Mariano e Roberto Marchesini.<br \/>\nIl fascismo, il razzismo e l\u2019omotransfobia non sono un\u2019opinione, ma solo cumuli di merda fumante.<\/p>\n<p>Siamo tutt* rottinculo, e il nostro antifascismo, come quello del compagno aggredito, non si \u00e8 mai limitato alla tastiera, ma a pratiche quotidiane, a memoria e resistenza attiva!<\/p>\n<p>Rilanciamo l\u2019invito a partecipare al corteo del NoExpoPride di sabato 20 giugno, al quale la stessa Rete della Conoscenza ha aderito da tempo, per rivendicare una citt\u00e0 sicura, perch\u00e9 liberamente attraversata da donne, froce, lesbiche, trans* e queer!<\/p>\n<p>E come la rivolta di Stonewall ci ha insegnato\u2026 we are everywhere!<\/p>\n<p>Rete NoExpoPride.<br \/>\nhttp:\/\/noexpopride.noblogs.org\/<\/p>\n<p><a href=\"http:\/\/www.retedellaconoscenza.it\/2015\/06\/milano-ennesima-aggressione-fascista-ed-omofoba-ora-basta\/\">Qui<\/a> il comunicato della Rete della Conoscenza<\/p>\n","protected":false},"excerpt":{"rendered":"<p>Solidariet\u00e0 al compagno della Rete della Conoscenza aggredito dai fascisti. Esprimiamo la massima solidariet\u00e0 al compagno della Rete della Conoscenza aggredito la sera del 15 giugno davanti all\u2019Universit\u00e0 Statale di Milano da tre energumeni fascisti. Fortunatamente il compagno sta bene &hellip; <a href=\"https:\/\/noexpopride.noblogs.org\/?p=165\">Continua a leggere<span class=\"meta-nav\">&rarr;<\/span><\/a><\/p>\n","protected":false},"author":9308,"featured_media":0,"comment_status":"open","ping_status":"closed","sticky":false,"template":"","format":"standard","meta":{"footnotes":""},"categories":[3],"tags":[44,48,5,39,49,46,47,45],"class_list":["post-165","post","type-post","status-publish","format-standard","hentry","category-materiali","tag-aggressione","tag-comunicato","tag-omofobia","tag-omotransfobia","tag-rete-della-conoscienza","tag-sentinelle-in-piedi","tag-solidarieta","tag-universita-statale"],"_links":{"self":[{"href":"https:\/\/noexpopride.noblogs.org\/index.php?rest_route=\/wp\/v2\/posts\/165","targetHints":{"allow":["GET"]}}],"collection":[{"href":"https:\/\/noexpopride.noblogs.org\/index.php?rest_route=\/wp\/v2\/posts"}],"about":[{"href":"https:\/\/noexpopride.noblogs.org\/index.php?rest_route=\/wp\/v2\/types\/post"}],"author":[{"embeddable":true,"href":"https:\/\/noexpopride.noblogs.org\/index.php?rest_route=\/wp\/v2\/users\/9308"}],"replies":[{"embeddable":true,"href":"https:\/\/noexpopride.noblogs.org\/index.php?rest_route=%2Fwp%2Fv2%2Fcomments&post=165"}],"version-history":[{"count":1,"href":"https:\/\/noexpopride.noblogs.org\/index.php?rest_route=\/wp\/v2\/posts\/165\/revisions"}],"predecessor-version":[{"id":166,"href":"https:\/\/noexpopride.noblogs.org\/index.php?rest_route=\/wp\/v2\/posts\/165\/revisions\/166"}],"wp:attachment":[{"href":"https:\/\/noexpopride.noblogs.org\/index.php?rest_route=%2Fwp%2Fv2%2Fmedia&parent=165"}],"wp:term":[{"taxonomy":"category","embeddable":true,"href":"https:\/\/noexpopride.noblogs.org\/index.php?rest_route=%2Fwp%2Fv2%2Fcategories&post=165"},{"taxonomy":"post_tag","embeddable":true,"href":"https:\/\/noexpopride.noblogs.org\/index.php?rest_route=%2Fwp%2Fv2%2Ftags&post=165"}],"curies":[{"name":"wp","href":"https:\/\/api.w.org\/{rel}","templated":true}]}}