{"id":1,"date":"2015-01-17T08:19:53","date_gmt":"2015-01-17T07:19:53","guid":{"rendered":"http:\/\/noexpopride.noblogs.org\/?p=1"},"modified":"2015-01-21T19:16:27","modified_gmt":"2015-01-21T18:16:27","slug":"ciao-mondo","status":"publish","type":"post","link":"https:\/\/noexpopride.noblogs.org\/?p=1","title":{"rendered":"Riappropriarsi della citt\u00e0 per difendersi da Expo e Omofobia"},"content":{"rendered":"<p><a href=\"https:\/\/noexpopride.noblogs.org\/files\/2015\/01\/presidio17-01-15.jpg\"><img loading=\"lazy\" decoding=\"async\" class=\"alignnone size-full wp-image-29\" src=\"https:\/\/noexpopride.noblogs.org\/files\/2015\/01\/presidio17-01-15.jpg\" alt=\"presidio17-01-15\" width=\"960\" height=\"716\" srcset=\"https:\/\/noexpopride.noblogs.org\/files\/2015\/01\/presidio17-01-15.jpg 960w, https:\/\/noexpopride.noblogs.org\/files\/2015\/01\/presidio17-01-15-300x223.jpg 300w, https:\/\/noexpopride.noblogs.org\/files\/2015\/01\/presidio17-01-15-402x300.jpg 402w\" sizes=\"auto, (max-width: 960px) 100vw, 960px\" \/><\/a><\/p>\n<p>Oggi, 17 gennaio 2015, in piazza ci siamo anche noi.<br \/>\nCi siamo con i contenuti che portiamo avanti da anni assieme alla rete di Attitudine NoExpo, ci siamo per samascherare le strategie di pinkwashing di Expo, ancor meno credibili quando lo stesso logo di Expo appare in calce ad un convegno omofobo targato regione Lombardia.<br \/>\nExpo \u00e8 una macchina incubatrice di precariet\u00e0 diffusa, sperimenta contratti lavorativi di sfruttamento assoluto e di \u201cvolontariato\u201d, istituisce un dispositivo di controllo e normalizzazione delle nostre vite.<br \/>\nExpo \u00e8 un gigante di cemento che si mangia intere aree extraurbane, che lascer\u00e0 in eredit\u00e0 strutture fantasma abbandonate a s\u00e9 stesse, che non avranno pi\u00f9 valore per nessuno e dunque a nessuno interesseranno pi\u00f9.<br \/>\nExpo \u00e8 un generatore di debito pubblico travestito da grande evento, sfruttamento mascherato da opportunit\u00e0.<\/p>\n<p>Non ci scandalizza la presenza del logo Expo assieme a quello della Regione Lombardia sulla presentazione di un convegno dal titolo \u201cDifendere la famiglia per difendere la comunit\u00e0\u201d, un convegno che promuove la \u201cfamiglia naturale\u201d come unica famiglia legittima, con un ospite d\u2019eccezione come Mario Adinolfi, ex PD, autore del libroVoglio la mamma in cui contesta i \u201cfalsi miti di progresso\u201d (aborto, eutanasia, matrimonio omosessuale, utero in affitto).<br \/>\nPiuttosto, ci fa inorridire la politica sulle donne che Expo sta portando avanti e che \u00e8 perfettamente in linea con l\u2019immagine di donna regina del focolare domestico e madre prima di tutto, depositaria di conoscenze legate al cibo, al nutrimento e alla capacit\u00e0 di \u201cprendersi cura\u201d (cos\u00ec recita il sito di Women for Expo), un\u2019immagine che ci riporta ad epoche oscurantiste e di matrice indubbiamente patriarcale, sostenuta per esempio dalla giornalista Costanza Miriano, autrice di imperdibili testi come Sposati e sii sottomessa (e non \u00e8 satira). In questo svilimento dei diritti delle donne e delle soggettivit\u00e0 LGBTQ, gli unici segnali di apparente apertura sono dettati dall\u2019interesse economico che sta dietro alla valorizzazione del turismo omosessuale, con un fallito progetto di Gay Street patrocinata da Comune di Milano ed Expo che, nel migliore degli stereotipi, avrebbe messo un\u2019intera strada, \u201cripulita\u201d dal degrado per l\u2019occasione, a disposizione dei gay (ovviamente maschi) tanto attenti alla moda e allo shopping: un\u2019 \u201carea protetta\u201d, in cui questi strani individui possano muoversi felici e alla quale il mondo possa guardare sorridendo con sollievo. Questo \u00e8 pinkwashing : nessuna reale volont\u00e0 di incidere sulla cultura delle libert\u00e0, libert\u00e0 di essere chi e come si vuole, di costruire le famiglie che pi\u00f9 ci piacciono e meglio ci fanno stare, di vivere la sessualit\u00e0 e la vita senza subire il giudizio di nessuno.<\/p>\n<p>Oggi siamo in piazza anche noi con questi contenuti, con una forte critica al convegno, alla Regione Lombardia che lo organizza e lo ospita in una sala pubblica (e lo prende a modello per le sue politiche in materia di famiglia), ma anche con una forte opposizione a Expo e a quei partiti che si autoproclamano rappresentanti della societ\u00e0. Partiti che vediamo contemporaneamente presenti nei luoghi del potere e delle decisioni, nei consigli per Expo, nei convegni omofobi come pure nelle piazze che contestano quei convegni. Partiti che paralizzano la lotta con la loro ipocrita ubiquit\u00e0 anzich\u00e9 assumere delle posizioni chiare.<\/p>\n<p>RETE MILANESE PER IL NOEXPO PRIDE SI RITROVER\u00c0 SABATO 7 FEBBRAIO 2015 ALLE ORE 14.00<br \/>\nIN VIA MELCHIORRE GIOIA, DAVANTI AL PALAZZO DELLA REGIONE LOMBARDIA<\/p>\n<p>DONNE, FROC* E QUEER<br \/>\nVERSO NOEXPO PRIDE 2015<\/p>\n<p><a href=\"mailto:noexpo_pride@autistici.org\">noexpo_pride@autistici.org<\/a><br \/>\n<a href=\"http:\/\/www.noexpo.org\">noexpo.org<\/a><\/p>\n<p>&nbsp;<\/p>\n<p><a href=\"https:\/\/noexpopride.noblogs.org\/files\/2015\/01\/volantino-presidio.pdf\">Volantino diffuso al presidio del 17-1-2015 (Milano)<\/a><\/p>\n","protected":false},"excerpt":{"rendered":"<p>Oggi, 17 gennaio 2015, in piazza ci siamo anche noi. Ci siamo con i contenuti che portiamo avanti da anni assieme alla rete di Attitudine NoExpo, ci siamo per samascherare le strategie di pinkwashing di Expo, ancor meno credibili quando &hellip; <a href=\"https:\/\/noexpopride.noblogs.org\/?p=1\">Continua a leggere<span class=\"meta-nav\">&rarr;<\/span><\/a><\/p>\n","protected":false},"author":9308,"featured_media":0,"comment_status":"closed","ping_status":"open","sticky":false,"template":"","format":"standard","meta":{"footnotes":""},"categories":[1,4],"tags":[10,12,7,11,8,5,6,9],"class_list":["post-1","post","type-post","status-publish","format-standard","hentry","category-general","category-iniziative","tag-adinolfi","tag-maroni","tag-milano","tag-miriano","tag-noexpo","tag-omofobia","tag-presidio","tag-regione-lombardia"],"_links":{"self":[{"href":"https:\/\/noexpopride.noblogs.org\/index.php?rest_route=\/wp\/v2\/posts\/1","targetHints":{"allow":["GET"]}}],"collection":[{"href":"https:\/\/noexpopride.noblogs.org\/index.php?rest_route=\/wp\/v2\/posts"}],"about":[{"href":"https:\/\/noexpopride.noblogs.org\/index.php?rest_route=\/wp\/v2\/types\/post"}],"author":[{"embeddable":true,"href":"https:\/\/noexpopride.noblogs.org\/index.php?rest_route=\/wp\/v2\/users\/9308"}],"replies":[{"embeddable":true,"href":"https:\/\/noexpopride.noblogs.org\/index.php?rest_route=%2Fwp%2Fv2%2Fcomments&post=1"}],"version-history":[{"count":4,"href":"https:\/\/noexpopride.noblogs.org\/index.php?rest_route=\/wp\/v2\/posts\/1\/revisions"}],"predecessor-version":[{"id":33,"href":"https:\/\/noexpopride.noblogs.org\/index.php?rest_route=\/wp\/v2\/posts\/1\/revisions\/33"}],"wp:attachment":[{"href":"https:\/\/noexpopride.noblogs.org\/index.php?rest_route=%2Fwp%2Fv2%2Fmedia&parent=1"}],"wp:term":[{"taxonomy":"category","embeddable":true,"href":"https:\/\/noexpopride.noblogs.org\/index.php?rest_route=%2Fwp%2Fv2%2Fcategories&post=1"},{"taxonomy":"post_tag","embeddable":true,"href":"https:\/\/noexpopride.noblogs.org\/index.php?rest_route=%2Fwp%2Fv2%2Ftags&post=1"}],"curies":[{"name":"wp","href":"https:\/\/api.w.org\/{rel}","templated":true}]}}